{"id":577,"date":"2017-06-30T17:01:38","date_gmt":"2017-06-30T15:01:38","guid":{"rendered":"http:\/\/iv50plus.de\/?p=577"},"modified":"2017-06-30T17:01:38","modified_gmt":"2017-06-30T15:01:38","slug":"generation-55plus","status":"publish","type":"post","link":"https:\/\/iv50plus.eu\/?p=577","title":{"rendered":"Generation 55plus"},"content":{"rendered":"<p><img decoding=\"async\" loading=\"lazy\" class=\"wp-image-290 alignleft\" src=\"http:\/\/iv50plus.de\/wp-content\/uploads\/2017\/03\/pic_BR-200x300.jpg\" alt=\"\" width=\"170\" height=\"255\" \/>\u201eGeneration 55plus\u201c \u2013 das ist DIE kommende Generation, denn die aktuellen demagogischen Zahlen belegen, dass wir in absehbarer Zeit die gr\u00f6\u00dfte Bev\u00f6lkerungsgruppe darstellen werden.<\/p>\n<p>\u201eGeneration 55plus\u201c \u2013 das sind Menschen, die sich im rasanten Tempo unserer Business-Welt neu orientieren wollen oder m\u00fcssen. Denn immer mehr Firmen bieten sozial vertr\u00e4gliche Umstrukturierungsma\u00dfnahmen an, die mit interessanten finanziellen Angeboten kombiniert, meistens an die \u201eGeneration 55plus\u201c gerichtet sind. Klingt ja auf den ersten Blick prima! \u00a0Doch was kommt dann? Berufliche Neuorientierung? Bin ich daf\u00fcr schon zu alt? Was ist die Alternative?<\/p>\n<p>\u201eGeneration 55plus\u201c \u2013 das sind Menschen, die sich Gedanken machen, wie sie diesen Lebensabschnitt gestalten m\u00f6chten. Die Kinder gehen eigene Wege, das Haus ist abbezahlt und der Ruhestand r\u00fcckt n\u00e4her. H\u00f6chste Zeit den ein oder anderen Traum zu verwirklichen denken sich da viele und stellen mit Verwunderung fest, dass das leichter gesagt als getan ist!<\/p>\n<p>Unsere postmoderne Welt ist auf \u201ejung\u201c gepolt. Das war nicht immer so, denn in fr\u00fcheren Gesellschaftsformen wurde das Alter und die damit verbundene Lebenserfahrung wertgesch\u00e4tzt und damit auch die innere Entwicklung reifer Menschen besser gef\u00f6rdert. In unserer \u201eTeenager-Kultur\u201c hat sich das ge\u00e4ndert \u2013 das Gl\u00fcck und der Erfolg scheint der Jugend vorbehalten zu sein. Und so versuchen immer mehr Menschen mit dem jugendlichen Life-Style Schritt zu halten und \u00fcbersehen dabei, welche Sch\u00e4tze im eigenen Lebensabschnitt verborgen liegen!<\/p>\n<p>Die \u201eGeneration 55plus\u201c h\u00e4ngt irgendwo zwischen dazwischen: die Jugend ist vorbei und das Alter ist zwar schon zu sehen, hat jedoch noch nicht wirklich begonnen. K\u00f6rperlich ist man noch fit, geistig sowieso und doch f\u00fchlen sich viele von der Gesellschaft und vor allem der Gesch\u00e4ftswelt \u201eausrangiert\u201c.<\/p>\n<p>Das ist Zeit f\u00fcr eine R\u00fcckbesinnung und Bestandsaufnahme! Was habe ich in meinem Leben erreicht? Was f\u00fcr Sch\u00e4tze in Form von Familie, Freundschaft, Erfolgen, materiellen Wohlstand habe ich angeh\u00e4uft? \u00dcber welche Talente und Kenntnisse verf\u00fcge ich? Was davon m\u00f6chte ich behalten und was brauche ich gar nicht mehr? Es reist sich tats\u00e4chlich besser mit leichtem Gep\u00e4ck! Durch diese mutige Bestandsaufnahme wird der Raum geschaffen, in dem neue Visionen wachsen k\u00f6nnen. Das ist der N\u00e4hrboden, auf dem Tr\u00e4ume verwirklicht werden d\u00fcrfen und kein Traum bleiben m\u00fcssen, weil unsere Angst vor dem Neuen st\u00e4rker ist als wir. So ganz nebenbei w\u00e4chst dabei auch das Selbstvertrauen in die eigenen Kr\u00e4fte und l\u00e4sst uns den g\u00e4ngigen Idealen der \u201eTeenager-Kultur\u201c unserer Leistungsgesellschaft gelassener begegnen.<\/p>\n<p>Im Coaching finden Sie professionelle Unterst\u00fctzung auf diesem Weg: gemeinsam definieren wir Ihre individuellen Werte, die Ihnen als zuverl\u00e4ssiger Kompass in diesem neuen Lebensabschnitt dienen. \u00c4ngste, die uns daran hindern, ein erf\u00fclltes Leben zu f\u00fchren, verlieren einen Gro\u00dfteil ihrer Macht \u00fcber uns, wenn wir den Mut haben, sie genauer zu betrachten. Den Blickwinkel zu wechseln geh\u00f6rt nat\u00fcrlich auch dazu, denn viele Themen ver\u00e4ndern sich grundlegend, wenn man sie aus verschiedenen Perspektiven betrachtet.<\/p>\n<p>\u201eGeneration 55plus\u201c \u2013 das sind Menschen mit Lebenserfahrung, die kleine oder gro\u00dfe Tr\u00e4ume verwirklichen und mutig ihren Weg selbstbestimmt gehen, ohne dabei ihr gesellschaftliches Umfeld aus dem Auge zu verlieren. Es sind Menschen, die sich ihrer Verantwortung stellen und erfolgreich mit beiden Beinen mitten im Leben stehen.<\/p>\n<p>\u201eMut steht am Anfang, Gl\u00fcck am Ende\u201c &#8211; Demokrit<\/p>\n<p><em>Barbara Romanos<br \/>\nCertified Professional Co-Active Coach (CPCC)<br \/>\nAssociate Coach International Coaching Federation (ICF)<\/em><\/p>\n<p><a href=\"http:\/\/www.barbararomanos.de\">www.barbararomanos.de<\/a><\/p>\n","protected":false},"excerpt":{"rendered":"<p>\u201eGeneration 55plus\u201c \u2013 das ist DIE kommende Generation, denn die aktuellen demagogischen Zahlen belegen, dass wir in absehbarer Zeit die gr\u00f6\u00dfte Bev\u00f6lkerungsgruppe darstellen werden. \u201eGeneration 55plus\u201c \u2013 das sind Menschen, die sich im rasanten Tempo unserer Business-Welt neu orientieren wollen oder m\u00fcssen. Denn immer mehr Firmen bieten sozial vertr\u00e4gliche Umstrukturierungsma\u00dfnahmen an, die mit interessanten finanziellen [&hellip;]<\/p>\n","protected":false},"author":1,"featured_media":290,"comment_status":"open","ping_status":"open","sticky":false,"template":"","format":"standard","meta":[],"categories":[1],"tags":[2,4,9,12,20,21,23],"_links":{"self":[{"href":"https:\/\/iv50plus.eu\/index.php?rest_route=\/wp\/v2\/posts\/577"}],"collection":[{"href":"https:\/\/iv50plus.eu\/index.php?rest_route=\/wp\/v2\/posts"}],"about":[{"href":"https:\/\/iv50plus.eu\/index.php?rest_route=\/wp\/v2\/types\/post"}],"author":[{"embeddable":true,"href":"https:\/\/iv50plus.eu\/index.php?rest_route=\/wp\/v2\/users\/1"}],"replies":[{"embeddable":true,"href":"https:\/\/iv50plus.eu\/index.php?rest_route=%2Fwp%2Fv2%2Fcomments&post=577"}],"version-history":[{"count":0,"href":"https:\/\/iv50plus.eu\/index.php?rest_route=\/wp\/v2\/posts\/577\/revisions"}],"wp:featuredmedia":[{"embeddable":true,"href":"https:\/\/iv50plus.eu\/index.php?rest_route=\/wp\/v2\/media\/290"}],"wp:attachment":[{"href":"https:\/\/iv50plus.eu\/index.php?rest_route=%2Fwp%2Fv2%2Fmedia&parent=577"}],"wp:term":[{"taxonomy":"category","embeddable":true,"href":"https:\/\/iv50plus.eu\/index.php?rest_route=%2Fwp%2Fv2%2Fcategories&post=577"},{"taxonomy":"post_tag","embeddable":true,"href":"https:\/\/iv50plus.eu\/index.php?rest_route=%2Fwp%2Fv2%2Ftags&post=577"}],"curies":[{"name":"wp","href":"https:\/\/api.w.org\/{rel}","templated":true}]}}